{"id":1037,"date":"2020-06-03T12:30:42","date_gmt":"2020-06-03T10:30:42","guid":{"rendered":"http:\/\/yeziden-ostfriesland.de\/?p=1037"},"modified":"2024-08-02T16:52:18","modified_gmt":"2024-08-02T14:52:18","slug":"leeranertafel","status":"publish","type":"post","link":"https:\/\/yeziden-ostfriesland.de\/?p=1037","title":{"rendered":"Leeraner Tafel"},"content":{"rendered":"\n<p>In Koorperation mit der Gemeinde Moormerland, wurde am 02.04.2020 vor unserem Vereinshaus ein Gabezaun f\u00fcr bed\u00fcrftige Menschen aufgestellt. Eine Tolle Aktion die darauf abgezielt hat auch in der harten Corana Zeit bed\u00fcrftige Menschen zu unterst\u00fctzen und nicht au\u00dfer Acht zu lassen.<\/p>\n\n\n\n<p>Seit dem 14.05.2020 hat die Tafel wieder in Koorperation mit der Gemeinde Moormerland, sowie uns als Yezidischen Kulturverein einen eingeschr\u00e4nkten Betrieb aufgenommen, womit die \u201cAktion Gabezaun\u201d beendet wurde.<br><br>Es ist ganz wichtig, dass sich die Bed\u00fcrftigen aus organisatorischen Gr\u00fcnden vorher telefonisch (&nbsp;<a href=\"tel:0491 9879312\">0491 9879312<\/a>&nbsp;) mit der Tafel in Verbindung setzen.<\/p>\n\n\n\n<div class=\"wp-block-columns is-layout-flex wp-container-core-columns-is-layout-1 wp-block-columns-is-layout-flex\">\n<div class=\"wp-block-column is-layout-flow wp-block-column-is-layout-flow\">\n<figure class=\"wp-block-image size-large\"><a href=\"https:\/\/yeziden-ostfriesland.de\/wp-content\/uploads\/2020\/06\/91635038_2552825298317078_99579125995405312_o.jpg\"><img fetchpriority=\"high\" decoding=\"async\" width=\"1024\" height=\"819\" src=\"https:\/\/yeziden-ostfriesland.de\/wp-content\/uploads\/2020\/06\/91635038_2552825298317078_99579125995405312_o-1024x819.jpg\" alt=\"\" class=\"wp-image-1039\" srcset=\"https:\/\/yeziden-ostfriesland.de\/wp-content\/uploads\/2020\/06\/91635038_2552825298317078_99579125995405312_o-1024x819.jpg 1024w, https:\/\/yeziden-ostfriesland.de\/wp-content\/uploads\/2020\/06\/91635038_2552825298317078_99579125995405312_o-300x240.jpg 300w, https:\/\/yeziden-ostfriesland.de\/wp-content\/uploads\/2020\/06\/91635038_2552825298317078_99579125995405312_o-768x615.jpg 768w, https:\/\/yeziden-ostfriesland.de\/wp-content\/uploads\/2020\/06\/91635038_2552825298317078_99579125995405312_o-1536x1229.jpg 1536w, https:\/\/yeziden-ostfriesland.de\/wp-content\/uploads\/2020\/06\/91635038_2552825298317078_99579125995405312_o.jpg 1937w\" sizes=\"(max-width: 1024px) 100vw, 1024px\" \/><\/a><\/figure>\n<\/div>\n\n\n\n<div class=\"wp-block-column is-layout-flow wp-block-column-is-layout-flow\">\n<figure class=\"wp-block-image size-large\"><a href=\"https:\/\/yeziden-ostfriesland.de\/wp-content\/uploads\/2020\/06\/78508609-f7b7-4299-bd59-9f69bf2ce29c.jpeg\"><img decoding=\"async\" width=\"1024\" height=\"768\" src=\"https:\/\/yeziden-ostfriesland.de\/wp-content\/uploads\/2020\/06\/78508609-f7b7-4299-bd59-9f69bf2ce29c-1024x768.jpeg\" alt=\"\" class=\"wp-image-1041\" srcset=\"https:\/\/yeziden-ostfriesland.de\/wp-content\/uploads\/2020\/06\/78508609-f7b7-4299-bd59-9f69bf2ce29c-1024x768.jpeg 1024w, https:\/\/yeziden-ostfriesland.de\/wp-content\/uploads\/2020\/06\/78508609-f7b7-4299-bd59-9f69bf2ce29c-300x225.jpeg 300w, https:\/\/yeziden-ostfriesland.de\/wp-content\/uploads\/2020\/06\/78508609-f7b7-4299-bd59-9f69bf2ce29c-768x576.jpeg 768w, https:\/\/yeziden-ostfriesland.de\/wp-content\/uploads\/2020\/06\/78508609-f7b7-4299-bd59-9f69bf2ce29c-1536x1152.jpeg 1536w, https:\/\/yeziden-ostfriesland.de\/wp-content\/uploads\/2020\/06\/78508609-f7b7-4299-bd59-9f69bf2ce29c.jpeg 1600w\" sizes=\"(max-width: 1024px) 100vw, 1024px\" \/><\/a><\/figure>\n<\/div>\n\n\n\n<div class=\"wp-block-column is-layout-flow wp-block-column-is-layout-flow\">\n<figure class=\"wp-block-image size-large\"><a href=\"https:\/\/yeziden-ostfriesland.de\/wp-content\/uploads\/2020\/06\/487e0830-4e00-4eab-a7a5-f59036133ef9.jpeg\"><img decoding=\"async\" width=\"1024\" height=\"768\" class=\"wp-image-1040\" src=\"https:\/\/yeziden-ostfriesland.de\/wp-content\/uploads\/2020\/06\/487e0830-4e00-4eab-a7a5-f59036133ef9-1024x768.jpeg\" alt=\"\" srcset=\"https:\/\/yeziden-ostfriesland.de\/wp-content\/uploads\/2020\/06\/487e0830-4e00-4eab-a7a5-f59036133ef9-1024x768.jpeg 1024w, https:\/\/yeziden-ostfriesland.de\/wp-content\/uploads\/2020\/06\/487e0830-4e00-4eab-a7a5-f59036133ef9-300x225.jpeg 300w, https:\/\/yeziden-ostfriesland.de\/wp-content\/uploads\/2020\/06\/487e0830-4e00-4eab-a7a5-f59036133ef9-768x576.jpeg 768w, https:\/\/yeziden-ostfriesland.de\/wp-content\/uploads\/2020\/06\/487e0830-4e00-4eab-a7a5-f59036133ef9-1536x1152.jpeg 1536w, https:\/\/yeziden-ostfriesland.de\/wp-content\/uploads\/2020\/06\/487e0830-4e00-4eab-a7a5-f59036133ef9.jpeg 1600w\" sizes=\"(max-width: 1024px) 100vw, 1024px\" \/><\/a><\/figure>\n<\/div>\n<\/div>\n","protected":false},"excerpt":{"rendered":"<p>In Koorperation mit der Gemeinde Moormerland, wurde am 02.04.2020 vor unserem Vereinshaus ein Gabezaun f\u00fcr bed\u00fcrftige Menschen aufgestellt. Eine Tolle Aktion die darauf abgezielt hat auch in der harten Corana Zeit bed\u00fcrftige Menschen zu unterst\u00fctzen und nicht au\u00dfer Acht zu lassen. Seit dem 14.05.2020 hat die Tafel wieder in Koorperation mit der Gemeinde Moormerland, sowie&hellip;<\/p>\n","protected":false},"author":1,"featured_media":1038,"comment_status":"closed","ping_status":"closed","sticky":false,"template":"","format":"standard","meta":{"footnotes":""},"categories":[6,7,4,9],"tags":[],"class_list":["post-1037","post","type-post","status-publish","format-standard","has-post-thumbnail","hentry","category-der-verein","category-homeslider","category-news","category-vereinsarbeit"],"_links":{"self":[{"href":"https:\/\/yeziden-ostfriesland.de\/index.php?rest_route=\/wp\/v2\/posts\/1037"}],"collection":[{"href":"https:\/\/yeziden-ostfriesland.de\/index.php?rest_route=\/wp\/v2\/posts"}],"about":[{"href":"https:\/\/yeziden-ostfriesland.de\/index.php?rest_route=\/wp\/v2\/types\/post"}],"author":[{"embeddable":true,"href":"https:\/\/yeziden-ostfriesland.de\/index.php?rest_route=\/wp\/v2\/users\/1"}],"replies":[{"embeddable":true,"href":"https:\/\/yeziden-ostfriesland.de\/index.php?rest_route=%2Fwp%2Fv2%2Fcomments&post=1037"}],"version-history":[{"count":6,"href":"https:\/\/yeziden-ostfriesland.de\/index.php?rest_route=\/wp\/v2\/posts\/1037\/revisions"}],"predecessor-version":[{"id":1360,"href":"https:\/\/yeziden-ostfriesland.de\/index.php?rest_route=\/wp\/v2\/posts\/1037\/revisions\/1360"}],"wp:featuredmedia":[{"embeddable":true,"href":"https:\/\/yeziden-ostfriesland.de\/index.php?rest_route=\/wp\/v2\/media\/1038"}],"wp:attachment":[{"href":"https:\/\/yeziden-ostfriesland.de\/index.php?rest_route=%2Fwp%2Fv2%2Fmedia&parent=1037"}],"wp:term":[{"taxonomy":"category","embeddable":true,"href":"https:\/\/yeziden-ostfriesland.de\/index.php?rest_route=%2Fwp%2Fv2%2Fcategories&post=1037"},{"taxonomy":"post_tag","embeddable":true,"href":"https:\/\/yeziden-ostfriesland.de\/index.php?rest_route=%2Fwp%2Fv2%2Ftags&post=1037"}],"curies":[{"name":"wp","href":"https:\/\/api.w.org\/{rel}","templated":true}]}}