{"id":1048,"date":"2020-08-03T23:57:56","date_gmt":"2020-08-03T21:57:56","guid":{"rendered":"http:\/\/yeziden-ostfriesland.de\/?p=1048"},"modified":"2024-08-02T16:40:17","modified_gmt":"2024-08-02T14:40:17","slug":"genozid-gedenktag-2020","status":"publish","type":"post","link":"https:\/\/yeziden-ostfriesland.de\/?p=1048","title":{"rendered":"Genozid-Gedenktag 2020"},"content":{"rendered":"\n<p> Heute fand im Yezidischen Forum e.V. in Oldenburg die diesj\u00e4hrige Genozid-Gedenkveranstaltung des Landesverbandes der \u00caz\u00eeden in Niedersachsen statt. <\/p>\n\n\n\n<p>Als Mitglied des Landesverbandes, nahmen auch wir mit einer Delegation, sowie unserem Vereinsvorsitzenden und Co-Vorsitzenden des Landesverbandes Safet Disli an der Veranstaltung teil. Aufgrund der diesj\u00e4hrigen Corona Bestimmungen wurde die Veranstaltung auf einen kleinen Personenkreis beschr\u00e4nkt.<\/p>\n\n\n\n<p><\/p>\n\n\n\n<p>Am 03. August 2014 fiel die Terrormiliz Islamischer Staat in die Nordirakische Region Sindschar ein um mit der Vernichtung und Verfolgung der Eziden zu beginnen. Zehntausende kamen in den ersten Tagen durch Massent\u00f6tungen, oder auf der Flucht ums Leben. Tausende Frauen und Kinder fielen Vegewaltigungen, Folter und Versklavung zum Opfer. Bis zum heutigen Tag werden bis zu 5000 ezidische Frauen und Kinder vom IS gefangen gehalten oder gelten als vermisst.Seit Jahrhunderten leidet die Ezidische Gemeinschaft darunter, dass die an ihnen begangenen Verbrechen straflos bleiben. Der Genozid-Gedenktag am 03. August erinnert hierbei nur an den letzten der 74 \u00fcberlieferten V\u00f6lkermorde. Wir fordern die Weltgemeinschaft auf mit allen Mitteln V\u00f6lkermorde wie an den Eziden und anderen Minderheiten zu verhindern. <\/p>\n\n\n\n<p><\/p>\n\n\n\n<figure class=\"wp-block-gallery has-nested-images columns-default is-cropped wp-block-gallery-1 is-layout-flex wp-block-gallery-is-layout-flex\">\n<figure class=\"wp-block-image size-large\"><img fetchpriority=\"high\" decoding=\"async\" width=\"768\" height=\"1024\" data-id=\"1049\" src=\"https:\/\/yeziden-ostfriesland.de\/wp-content\/uploads\/2020\/08\/WhatsApp-Image-2020-08-03-at-19.07.40-768x1024.jpeg\" alt=\"\" class=\"wp-image-1049\" srcset=\"https:\/\/yeziden-ostfriesland.de\/wp-content\/uploads\/2020\/08\/WhatsApp-Image-2020-08-03-at-19.07.40-768x1024.jpeg 768w, https:\/\/yeziden-ostfriesland.de\/wp-content\/uploads\/2020\/08\/WhatsApp-Image-2020-08-03-at-19.07.40-225x300.jpeg 225w, https:\/\/yeziden-ostfriesland.de\/wp-content\/uploads\/2020\/08\/WhatsApp-Image-2020-08-03-at-19.07.40-1152x1536.jpeg 1152w, https:\/\/yeziden-ostfriesland.de\/wp-content\/uploads\/2020\/08\/WhatsApp-Image-2020-08-03-at-19.07.40.jpeg 1200w\" sizes=\"(max-width: 768px) 100vw, 768px\" \/><\/figure>\n\n\n\n<figure class=\"wp-block-image size-large\"><img decoding=\"async\" width=\"956\" height=\"1024\" data-id=\"1050\" src=\"https:\/\/yeziden-ostfriesland.de\/wp-content\/uploads\/2020\/08\/WhatsApp-Image-2020-08-03-at-20.48.38-956x1024.jpeg\" alt=\"\" class=\"wp-image-1050\" srcset=\"https:\/\/yeziden-ostfriesland.de\/wp-content\/uploads\/2020\/08\/WhatsApp-Image-2020-08-03-at-20.48.38-956x1024.jpeg 956w, https:\/\/yeziden-ostfriesland.de\/wp-content\/uploads\/2020\/08\/WhatsApp-Image-2020-08-03-at-20.48.38-280x300.jpeg 280w, https:\/\/yeziden-ostfriesland.de\/wp-content\/uploads\/2020\/08\/WhatsApp-Image-2020-08-03-at-20.48.38-768x822.jpeg 768w, https:\/\/yeziden-ostfriesland.de\/wp-content\/uploads\/2020\/08\/WhatsApp-Image-2020-08-03-at-20.48.38-1434x1536.jpeg 1434w, https:\/\/yeziden-ostfriesland.de\/wp-content\/uploads\/2020\/08\/WhatsApp-Image-2020-08-03-at-20.48.38.jpeg 1494w\" sizes=\"(max-width: 956px) 100vw, 956px\" \/><\/figure>\n\n\n\n<figure class=\"wp-block-image size-large\"><img decoding=\"async\" width=\"575\" height=\"1024\" data-id=\"1052\" src=\"https:\/\/yeziden-ostfriesland.de\/wp-content\/uploads\/2020\/08\/WhatsApp-Image-2020-08-03-at-20.56.51-575x1024.jpeg\" alt=\"\" class=\"wp-image-1052\" srcset=\"https:\/\/yeziden-ostfriesland.de\/wp-content\/uploads\/2020\/08\/WhatsApp-Image-2020-08-03-at-20.56.51-575x1024.jpeg 575w, https:\/\/yeziden-ostfriesland.de\/wp-content\/uploads\/2020\/08\/WhatsApp-Image-2020-08-03-at-20.56.51-169x300.jpeg 169w, https:\/\/yeziden-ostfriesland.de\/wp-content\/uploads\/2020\/08\/WhatsApp-Image-2020-08-03-at-20.56.51-768x1367.jpeg 768w, https:\/\/yeziden-ostfriesland.de\/wp-content\/uploads\/2020\/08\/WhatsApp-Image-2020-08-03-at-20.56.51-863x1536.jpeg 863w, https:\/\/yeziden-ostfriesland.de\/wp-content\/uploads\/2020\/08\/WhatsApp-Image-2020-08-03-at-20.56.51.jpeg 899w\" sizes=\"(max-width: 575px) 100vw, 575px\" \/><\/figure>\n<\/figure>\n","protected":false},"excerpt":{"rendered":"<p>Heute fand im Yezidischen Forum e.V. in Oldenburg die diesj\u00e4hrige Genozid-Gedenkveranstaltung des Landesverbandes der \u00caz\u00eeden in Niedersachsen statt. Als Mitglied des Landesverbandes, nahmen auch wir mit einer Delegation, sowie unserem Vereinsvorsitzenden und Co-Vorsitzenden des Landesverbandes Safet Disli an der Veranstaltung teil. Aufgrund der diesj\u00e4hrigen Corona Bestimmungen wurde die Veranstaltung auf einen kleinen Personenkreis beschr\u00e4nkt. Am&hellip;<\/p>\n","protected":false},"author":1,"featured_media":1051,"comment_status":"closed","ping_status":"closed","sticky":false,"template":"","format":"standard","meta":{"footnotes":""},"categories":[1,6,10,5,7,9],"tags":[],"class_list":["post-1048","post","type-post","status-publish","format-standard","has-post-thumbnail","hentry","category-allgemein","category-der-verein","category-ezidentum","category-fluechtlinge","category-homeslider","category-vereinsarbeit"],"_links":{"self":[{"href":"https:\/\/yeziden-ostfriesland.de\/index.php?rest_route=\/wp\/v2\/posts\/1048"}],"collection":[{"href":"https:\/\/yeziden-ostfriesland.de\/index.php?rest_route=\/wp\/v2\/posts"}],"about":[{"href":"https:\/\/yeziden-ostfriesland.de\/index.php?rest_route=\/wp\/v2\/types\/post"}],"author":[{"embeddable":true,"href":"https:\/\/yeziden-ostfriesland.de\/index.php?rest_route=\/wp\/v2\/users\/1"}],"replies":[{"embeddable":true,"href":"https:\/\/yeziden-ostfriesland.de\/index.php?rest_route=%2Fwp%2Fv2%2Fcomments&post=1048"}],"version-history":[{"count":4,"href":"https:\/\/yeziden-ostfriesland.de\/index.php?rest_route=\/wp\/v2\/posts\/1048\/revisions"}],"predecessor-version":[{"id":1353,"href":"https:\/\/yeziden-ostfriesland.de\/index.php?rest_route=\/wp\/v2\/posts\/1048\/revisions\/1353"}],"wp:featuredmedia":[{"embeddable":true,"href":"https:\/\/yeziden-ostfriesland.de\/index.php?rest_route=\/wp\/v2\/media\/1051"}],"wp:attachment":[{"href":"https:\/\/yeziden-ostfriesland.de\/index.php?rest_route=%2Fwp%2Fv2%2Fmedia&parent=1048"}],"wp:term":[{"taxonomy":"category","embeddable":true,"href":"https:\/\/yeziden-ostfriesland.de\/index.php?rest_route=%2Fwp%2Fv2%2Fcategories&post=1048"},{"taxonomy":"post_tag","embeddable":true,"href":"https:\/\/yeziden-ostfriesland.de\/index.php?rest_route=%2Fwp%2Fv2%2Ftags&post=1048"}],"curies":[{"name":"wp","href":"https:\/\/api.w.org\/{rel}","templated":true}]}}