{"id":1057,"date":"2021-08-27T16:40:17","date_gmt":"2021-08-27T14:40:17","guid":{"rendered":"http:\/\/yeziden-ostfriesland.de\/?p=1057"},"modified":"2024-08-07T11:50:51","modified_gmt":"2024-08-07T09:50:51","slug":"mizgin-ciftci-die-linke-zu-gast-in-unserem-vereinshaus","status":"publish","type":"post","link":"https:\/\/yeziden-ostfriesland.de\/?p=1057","title":{"rendered":"Mizgin Ciftci (Die Linke)  zu Gast in unserem Vereinshaus!"},"content":{"rendered":"\n<p><br>Mizgin Ciftci besuchte uns in Begleitung von Franziska Junger (Die Linke im Landkreis Leer) am 22.08.2021 in unserem Vereinshaus.<\/p>\n\n\n\n<p><br>Mizgin, geb\u00fcrtiger \u00caz\u00eede und Kommunalpolitiker der Linkspartei aus Osterholz-Scharmbeck <\/p>\n\n\n\n<p>Als \u00caz\u00eede und Kind einer bodenst\u00e4ndigen Arbeiterfamilie m\u00f6chte Mizgin sich insbesondere gegen die soziale Ungleichheit positionieren. Aus seiner Sicht hat der Bundestag zu wenige Menschen, die aus einfachen Verh\u00e4ltnissen kommen und somit die Sorgen und N\u00f6te der &#8220;kleinen Leute&#8221; kennen. Genau diese Menschen seien diejenigen, die unsere Gesellschaft zusammenhalten und deshalb m\u00f6chte er f\u00fcr jene Bundesb\u00fcrger eine Stimme sein. Nach dem Motto &#8220;Solidarit\u00e4t und Vielfalt machen uns stark&#8221; und mit dem im grundgesetzt verankerten Versprechen &#8220;gleiche Lebensverh\u00e4ltnisse f\u00fcr alle&#8221; tritt Mizgin Ciftci bei den bevorstehenden Bundestagswahlen am 26.09.2021 an. <\/p>\n\n\n\n<p>Mizgin brachte zudem seine Bewunderung f\u00fcr das ehrenamtliche und soziale Engagement der \u00eazidischen Gemeinde in Ostfriesland zum Ausdruck. Seit vielen Jahren setzt sich der Yezidische Kulturverein in Ostfriesland f\u00fcr das soziale Miteinander sowie den interreligi\u00f6sen Dialog ein. Neben den zahlreichen Hilfsaktionen f\u00fcr ezidische Opfer des Genozids 2014 durch den sogenannten islamischen Staat, hat der Verein zuletzt durch die Spendenaktion f\u00fcr die Opfer der Flutkatastrophe in NRW Courage bewiesen. Ein ausf\u00fchrlicher Beitrag hierzu folgt in K\u00fcrze.<br><\/p>\n\n\n\n<p>Politisch neutral steht der Yezidische Kulturverein in Ostfriesland seit Jahren im Dialog mit verschiedenen demokratischen Parteivertretern aus der Region, aber auch bundesweit. Gerne treffen wir uns auch k\u00fcnftig mit Menschen, die die freiheitlich demokratische Grundordnung unseres Landes vertreten und dabei die Sorgen und N\u00f6te relig\u00f6ser Minderheiten und Gruppen erh\u00f6ren. In diesem Zusammenhang gibt es bereits den n\u00e4chsten Gespr\u00e4chstermin am 31.08.2021 mit Kandidaten der SPD.<br><\/p>\n\n\n\n<p>Nochmals vielen Dank f\u00fcr deinen Besuch lieber Mizgin und alles Gute und vor allem Erfolg f\u00fcr deine Kandidatur! <\/p>\n\n\n\n<figure class=\"wp-block-gallery has-nested-images columns-default is-cropped wp-block-gallery-1 is-layout-flex wp-block-gallery-is-layout-flex\">\n<figure class=\"wp-block-image size-large\"><img fetchpriority=\"high\" decoding=\"async\" width=\"1024\" height=\"768\" data-id=\"1059\" src=\"https:\/\/yeziden-ostfriesland.de\/wp-content\/uploads\/2021\/08\/WhatsApp-Image-2021-08-23-at-22.47.28-1-1024x768.jpeg\" alt=\"\" class=\"wp-image-1059\" srcset=\"https:\/\/yeziden-ostfriesland.de\/wp-content\/uploads\/2021\/08\/WhatsApp-Image-2021-08-23-at-22.47.28-1-1024x768.jpeg 1024w, https:\/\/yeziden-ostfriesland.de\/wp-content\/uploads\/2021\/08\/WhatsApp-Image-2021-08-23-at-22.47.28-1-300x225.jpeg 300w, https:\/\/yeziden-ostfriesland.de\/wp-content\/uploads\/2021\/08\/WhatsApp-Image-2021-08-23-at-22.47.28-1-768x576.jpeg 768w, https:\/\/yeziden-ostfriesland.de\/wp-content\/uploads\/2021\/08\/WhatsApp-Image-2021-08-23-at-22.47.28-1-1536x1152.jpeg 1536w, https:\/\/yeziden-ostfriesland.de\/wp-content\/uploads\/2021\/08\/WhatsApp-Image-2021-08-23-at-22.47.28-1.jpeg 2048w\" sizes=\"(max-width: 1024px) 100vw, 1024px\" \/><\/figure>\n\n\n\n<figure class=\"wp-block-image size-large\"><img decoding=\"async\" width=\"1024\" height=\"768\" data-id=\"1060\" src=\"https:\/\/yeziden-ostfriesland.de\/wp-content\/uploads\/2021\/08\/WhatsApp-Image-2021-08-23-at-22.47.30-1024x768.jpeg\" alt=\"\" class=\"wp-image-1060\" srcset=\"https:\/\/yeziden-ostfriesland.de\/wp-content\/uploads\/2021\/08\/WhatsApp-Image-2021-08-23-at-22.47.30-1024x768.jpeg 1024w, https:\/\/yeziden-ostfriesland.de\/wp-content\/uploads\/2021\/08\/WhatsApp-Image-2021-08-23-at-22.47.30-300x225.jpeg 300w, https:\/\/yeziden-ostfriesland.de\/wp-content\/uploads\/2021\/08\/WhatsApp-Image-2021-08-23-at-22.47.30-768x576.jpeg 768w, https:\/\/yeziden-ostfriesland.de\/wp-content\/uploads\/2021\/08\/WhatsApp-Image-2021-08-23-at-22.47.30-1536x1152.jpeg 1536w, https:\/\/yeziden-ostfriesland.de\/wp-content\/uploads\/2021\/08\/WhatsApp-Image-2021-08-23-at-22.47.30.jpeg 2048w\" sizes=\"(max-width: 1024px) 100vw, 1024px\" \/><\/figure>\n\n\n\n<figure class=\"wp-block-image size-large\"><img decoding=\"async\" width=\"1024\" height=\"768\" data-id=\"1061\" src=\"https:\/\/yeziden-ostfriesland.de\/wp-content\/uploads\/2021\/08\/WhatsApp-Image-2021-08-23-at-22.47.32-1-1024x768.jpeg\" alt=\"\" class=\"wp-image-1061\" srcset=\"https:\/\/yeziden-ostfriesland.de\/wp-content\/uploads\/2021\/08\/WhatsApp-Image-2021-08-23-at-22.47.32-1-1024x768.jpeg 1024w, https:\/\/yeziden-ostfriesland.de\/wp-content\/uploads\/2021\/08\/WhatsApp-Image-2021-08-23-at-22.47.32-1-300x225.jpeg 300w, https:\/\/yeziden-ostfriesland.de\/wp-content\/uploads\/2021\/08\/WhatsApp-Image-2021-08-23-at-22.47.32-1-768x576.jpeg 768w, https:\/\/yeziden-ostfriesland.de\/wp-content\/uploads\/2021\/08\/WhatsApp-Image-2021-08-23-at-22.47.32-1-1536x1152.jpeg 1536w, https:\/\/yeziden-ostfriesland.de\/wp-content\/uploads\/2021\/08\/WhatsApp-Image-2021-08-23-at-22.47.32-1.jpeg 2048w\" sizes=\"(max-width: 1024px) 100vw, 1024px\" \/><\/figure>\n\n\n\n<figure class=\"wp-block-image size-large\"><img loading=\"lazy\" decoding=\"async\" width=\"1024\" height=\"768\" data-id=\"1063\" src=\"https:\/\/yeziden-ostfriesland.de\/wp-content\/uploads\/2021\/08\/WhatsApp-Image-2021-08-23-at-22.47.35-1024x768.jpeg\" alt=\"\" class=\"wp-image-1063\" srcset=\"https:\/\/yeziden-ostfriesland.de\/wp-content\/uploads\/2021\/08\/WhatsApp-Image-2021-08-23-at-22.47.35-1024x768.jpeg 1024w, https:\/\/yeziden-ostfriesland.de\/wp-content\/uploads\/2021\/08\/WhatsApp-Image-2021-08-23-at-22.47.35-300x225.jpeg 300w, https:\/\/yeziden-ostfriesland.de\/wp-content\/uploads\/2021\/08\/WhatsApp-Image-2021-08-23-at-22.47.35-768x576.jpeg 768w, https:\/\/yeziden-ostfriesland.de\/wp-content\/uploads\/2021\/08\/WhatsApp-Image-2021-08-23-at-22.47.35-1536x1152.jpeg 1536w, https:\/\/yeziden-ostfriesland.de\/wp-content\/uploads\/2021\/08\/WhatsApp-Image-2021-08-23-at-22.47.35.jpeg 2048w\" sizes=\"(max-width: 1024px) 100vw, 1024px\" \/><\/figure>\n\n\n\n<figure class=\"wp-block-image size-large\"><img loading=\"lazy\" decoding=\"async\" width=\"1024\" height=\"768\" data-id=\"1062\" src=\"https:\/\/yeziden-ostfriesland.de\/wp-content\/uploads\/2021\/08\/WhatsApp-Image-2021-08-23-at-22.47.34-1024x768.jpeg\" alt=\"\" class=\"wp-image-1062\" srcset=\"https:\/\/yeziden-ostfriesland.de\/wp-content\/uploads\/2021\/08\/WhatsApp-Image-2021-08-23-at-22.47.34-1024x768.jpeg 1024w, https:\/\/yeziden-ostfriesland.de\/wp-content\/uploads\/2021\/08\/WhatsApp-Image-2021-08-23-at-22.47.34-300x225.jpeg 300w, https:\/\/yeziden-ostfriesland.de\/wp-content\/uploads\/2021\/08\/WhatsApp-Image-2021-08-23-at-22.47.34-768x576.jpeg 768w, https:\/\/yeziden-ostfriesland.de\/wp-content\/uploads\/2021\/08\/WhatsApp-Image-2021-08-23-at-22.47.34-1536x1152.jpeg 1536w, https:\/\/yeziden-ostfriesland.de\/wp-content\/uploads\/2021\/08\/WhatsApp-Image-2021-08-23-at-22.47.34.jpeg 2048w\" sizes=\"(max-width: 1024px) 100vw, 1024px\" \/><\/figure>\n\n\n\n<figure class=\"wp-block-image size-large\"><img loading=\"lazy\" decoding=\"async\" width=\"1024\" height=\"768\" data-id=\"1064\" src=\"https:\/\/yeziden-ostfriesland.de\/wp-content\/uploads\/2021\/08\/WhatsApp-Image-2021-08-23-at-22.47.36-1024x768.jpeg\" alt=\"\" class=\"wp-image-1064\" srcset=\"https:\/\/yeziden-ostfriesland.de\/wp-content\/uploads\/2021\/08\/WhatsApp-Image-2021-08-23-at-22.47.36-1024x768.jpeg 1024w, https:\/\/yeziden-ostfriesland.de\/wp-content\/uploads\/2021\/08\/WhatsApp-Image-2021-08-23-at-22.47.36-300x225.jpeg 300w, https:\/\/yeziden-ostfriesland.de\/wp-content\/uploads\/2021\/08\/WhatsApp-Image-2021-08-23-at-22.47.36-768x576.jpeg 768w, https:\/\/yeziden-ostfriesland.de\/wp-content\/uploads\/2021\/08\/WhatsApp-Image-2021-08-23-at-22.47.36-1536x1152.jpeg 1536w, https:\/\/yeziden-ostfriesland.de\/wp-content\/uploads\/2021\/08\/WhatsApp-Image-2021-08-23-at-22.47.36.jpeg 2048w\" sizes=\"(max-width: 1024px) 100vw, 1024px\" \/><\/figure>\n<\/figure>\n","protected":false},"excerpt":{"rendered":"<p>Mizgin Ciftci besuchte uns in Begleitung von Franziska Junger (Die Linke im Landkreis Leer) am 22.08.2021 in unserem Vereinshaus. Mizgin, geb\u00fcrtiger \u00caz\u00eede und Kommunalpolitiker der Linkspartei aus Osterholz-Scharmbeck Als \u00caz\u00eede und Kind einer bodenst\u00e4ndigen Arbeiterfamilie m\u00f6chte Mizgin sich insbesondere gegen die soziale Ungleichheit positionieren. Aus seiner Sicht hat der Bundestag zu wenige Menschen, die aus&hellip;<\/p>\n","protected":false},"author":1,"featured_media":1058,"comment_status":"closed","ping_status":"closed","sticky":false,"template":"","format":"standard","meta":{"footnotes":""},"categories":[6,10,7,4,9],"tags":[],"class_list":["post-1057","post","type-post","status-publish","format-standard","has-post-thumbnail","hentry","category-der-verein","category-ezidentum","category-homeslider","category-news","category-vereinsarbeit"],"_links":{"self":[{"href":"https:\/\/yeziden-ostfriesland.de\/index.php?rest_route=\/wp\/v2\/posts\/1057"}],"collection":[{"href":"https:\/\/yeziden-ostfriesland.de\/index.php?rest_route=\/wp\/v2\/posts"}],"about":[{"href":"https:\/\/yeziden-ostfriesland.de\/index.php?rest_route=\/wp\/v2\/types\/post"}],"author":[{"embeddable":true,"href":"https:\/\/yeziden-ostfriesland.de\/index.php?rest_route=\/wp\/v2\/users\/1"}],"replies":[{"embeddable":true,"href":"https:\/\/yeziden-ostfriesland.de\/index.php?rest_route=%2Fwp%2Fv2%2Fcomments&post=1057"}],"version-history":[{"count":6,"href":"https:\/\/yeziden-ostfriesland.de\/index.php?rest_route=\/wp\/v2\/posts\/1057\/revisions"}],"predecessor-version":[{"id":1351,"href":"https:\/\/yeziden-ostfriesland.de\/index.php?rest_route=\/wp\/v2\/posts\/1057\/revisions\/1351"}],"wp:featuredmedia":[{"embeddable":true,"href":"https:\/\/yeziden-ostfriesland.de\/index.php?rest_route=\/wp\/v2\/media\/1058"}],"wp:attachment":[{"href":"https:\/\/yeziden-ostfriesland.de\/index.php?rest_route=%2Fwp%2Fv2%2Fmedia&parent=1057"}],"wp:term":[{"taxonomy":"category","embeddable":true,"href":"https:\/\/yeziden-ostfriesland.de\/index.php?rest_route=%2Fwp%2Fv2%2Fcategories&post=1057"},{"taxonomy":"post_tag","embeddable":true,"href":"https:\/\/yeziden-ostfriesland.de\/index.php?rest_route=%2Fwp%2Fv2%2Ftags&post=1057"}],"curies":[{"name":"wp","href":"https:\/\/api.w.org\/{rel}","templated":true}]}}