{"id":960,"date":"2019-04-29T22:09:43","date_gmt":"2019-04-29T20:09:43","guid":{"rendered":"http:\/\/yeziden-ostfriesland.de\/?p=960"},"modified":"2024-08-02T16:36:30","modified_gmt":"2024-08-02T14:36:30","slug":"buendnis-c-zu-gast-bei-uns","status":"publish","type":"post","link":"https:\/\/yeziden-ostfriesland.de\/?p=960","title":{"rendered":"B\u00fcndnis C zu Gast bei uns"},"content":{"rendered":"\n<p>Am Montag, dem 29.04.2019, empfingen wir die Kandidaten des B\u00fcndnis C &#8211; Christen f\u00fcr Deutschland, begleitet durch Fikret Igrek, dem vorsitzenden des Mecl\u00eesa \u015eengal a D\u00eeaspora (M\u015eD) .<\/p>\n\n\n\n<p>B\u00fcndnis C &#8211; Christen f\u00fcr Deutschland ist  Mitglied der \u201cEurop\u00e4ischen Christlich-politischen Bewegung\u201d (ECPM) und kandidiert in einigen Wochen bei der Europawahl.<\/p>\n\n\n\n<p><\/p>\n","protected":false},"excerpt":{"rendered":"<p>Am Montag, dem 29.04.2019, empfingen wir die Kandidaten des B\u00fcndnis C &#8211; Christen f\u00fcr Deutschland, begleitet durch Fikret Igrek, dem vorsitzenden des Mecl\u00eesa \u015eengal a D\u00eeaspora (M\u015eD) . B\u00fcndnis C &#8211; Christen f\u00fcr Deutschland ist Mitglied der \u201cEurop\u00e4ischen Christlich-politischen Bewegung\u201d (ECPM) und kandidiert in einigen Wochen bei der Europawahl.<\/p>\n","protected":false},"author":1,"featured_media":961,"comment_status":"closed","ping_status":"closed","sticky":false,"template":"","format":"standard","meta":{"footnotes":""},"categories":[6,10,7,9],"tags":[],"class_list":["post-960","post","type-post","status-publish","format-standard","has-post-thumbnail","hentry","category-der-verein","category-ezidentum","category-homeslider","category-vereinsarbeit"],"_links":{"self":[{"href":"https:\/\/yeziden-ostfriesland.de\/index.php?rest_route=\/wp\/v2\/posts\/960"}],"collection":[{"href":"https:\/\/yeziden-ostfriesland.de\/index.php?rest_route=\/wp\/v2\/posts"}],"about":[{"href":"https:\/\/yeziden-ostfriesland.de\/index.php?rest_route=\/wp\/v2\/types\/post"}],"author":[{"embeddable":true,"href":"https:\/\/yeziden-ostfriesland.de\/index.php?rest_route=\/wp\/v2\/users\/1"}],"replies":[{"embeddable":true,"href":"https:\/\/yeziden-ostfriesland.de\/index.php?rest_route=%2Fwp%2Fv2%2Fcomments&post=960"}],"version-history":[{"count":2,"href":"https:\/\/yeziden-ostfriesland.de\/index.php?rest_route=\/wp\/v2\/posts\/960\/revisions"}],"predecessor-version":[{"id":1349,"href":"https:\/\/yeziden-ostfriesland.de\/index.php?rest_route=\/wp\/v2\/posts\/960\/revisions\/1349"}],"wp:featuredmedia":[{"embeddable":true,"href":"https:\/\/yeziden-ostfriesland.de\/index.php?rest_route=\/wp\/v2\/media\/961"}],"wp:attachment":[{"href":"https:\/\/yeziden-ostfriesland.de\/index.php?rest_route=%2Fwp%2Fv2%2Fmedia&parent=960"}],"wp:term":[{"taxonomy":"category","embeddable":true,"href":"https:\/\/yeziden-ostfriesland.de\/index.php?rest_route=%2Fwp%2Fv2%2Fcategories&post=960"},{"taxonomy":"post_tag","embeddable":true,"href":"https:\/\/yeziden-ostfriesland.de\/index.php?rest_route=%2Fwp%2Fv2%2Ftags&post=960"}],"curies":[{"name":"wp","href":"https:\/\/api.w.org\/{rel}","templated":true}]}}