{"id":963,"date":"2019-04-30T22:14:33","date_gmt":"2019-04-30T20:14:33","guid":{"rendered":"http:\/\/yeziden-ostfriesland.de\/?p=963"},"modified":"2024-08-08T00:25:41","modified_gmt":"2024-08-07T22:25:41","slug":"sascha-laaken-zu-gast-bei-uns","status":"publish","type":"post","link":"https:\/\/yeziden-ostfriesland.de\/?p=963","title":{"rendered":"Besuch von Sascha Laaken (SPD) im Vereinshaus"},"content":{"rendered":"\n<p><\/p>\n\n\n\n<p>Am Dienstag, den 30. April 2019, durften wir Herrn Sascha Laaken (SPD) in unserem Vereinshaus willkommen hei\u00dfen. Herr Laaken, der sowohl Mitglied des Kreistags in Leer als auch stellvertretender Landrat ist, folgte unserer Einladung mit gro\u00dfem Interesse.<\/p>\n\n\n\n<p>Als erfahrener Schutzmann und langj\u00e4hriger Vereinsvorsitzender ist Sascha Laaken bestens mit den Menschen und Gegebenheiten in unserer Region vertraut. An diesem Abend zeigte er ein besonders gro\u00dfes Interesse an der ezidischen Gemeinde in Ostfriesland.<\/p>\n\n\n\n<p>In einer \u00e4u\u00dferst gem\u00fctlichen Runde fand ein intensiver Informationsaustausch statt. Im Fokus standen dabei unsere Vereinsarbeit und das vom Bundesministerium f\u00fcr Arbeit und Soziales (BMAS) gef\u00f6rderte Integrationsprojekt MIO \u2013 Miteinander in Ostfriesland. Herr Laaken bekundete sein gro\u00dfes Interesse und seine Bereitschaft, uns k\u00fcnftig bei der gezielten Integration von Neuank\u00f6mmlingen in Ostfriesland sowie bei der Sensibilisierung der aufnehmenden Gesellschaft zu unterst\u00fctzen.<\/p>\n\n\n\n<p>Wir bedanken uns herzlich bei Herrn Laaken f\u00fcr seinen Besuch und seine wertvolle Unterst\u00fctzung!<\/p>\n","protected":false},"excerpt":{"rendered":"<p>Am Dienstag, den 30. April 2019, durften wir Herrn Sascha Laaken (SPD) in unserem Vereinshaus willkommen hei\u00dfen. Herr Laaken, der sowohl Mitglied des Kreistags in Leer als auch stellvertretender Landrat ist, folgte unserer Einladung mit gro\u00dfem Interesse. Als erfahrener Schutzmann und langj\u00e4hriger Vereinsvorsitzender ist Sascha Laaken bestens mit den Menschen und Gegebenheiten in unserer Region&hellip;<\/p>\n","protected":false},"author":1,"featured_media":964,"comment_status":"closed","ping_status":"closed","sticky":false,"template":"","format":"standard","meta":{"footnotes":""},"categories":[1,6,7,18,19,4,9],"tags":[],"class_list":["post-963","post","type-post","status-publish","format-standard","has-post-thumbnail","hentry","category-allgemein","category-der-verein","category-homeslider","category-integrationsarbeit","category-mio","category-news","category-vereinsarbeit"],"_links":{"self":[{"href":"https:\/\/yeziden-ostfriesland.de\/index.php?rest_route=\/wp\/v2\/posts\/963"}],"collection":[{"href":"https:\/\/yeziden-ostfriesland.de\/index.php?rest_route=\/wp\/v2\/posts"}],"about":[{"href":"https:\/\/yeziden-ostfriesland.de\/index.php?rest_route=\/wp\/v2\/types\/post"}],"author":[{"embeddable":true,"href":"https:\/\/yeziden-ostfriesland.de\/index.php?rest_route=\/wp\/v2\/users\/1"}],"replies":[{"embeddable":true,"href":"https:\/\/yeziden-ostfriesland.de\/index.php?rest_route=%2Fwp%2Fv2%2Fcomments&post=963"}],"version-history":[{"count":3,"href":"https:\/\/yeziden-ostfriesland.de\/index.php?rest_route=\/wp\/v2\/posts\/963\/revisions"}],"predecessor-version":[{"id":1780,"href":"https:\/\/yeziden-ostfriesland.de\/index.php?rest_route=\/wp\/v2\/posts\/963\/revisions\/1780"}],"wp:featuredmedia":[{"embeddable":true,"href":"https:\/\/yeziden-ostfriesland.de\/index.php?rest_route=\/wp\/v2\/media\/964"}],"wp:attachment":[{"href":"https:\/\/yeziden-ostfriesland.de\/index.php?rest_route=%2Fwp%2Fv2%2Fmedia&parent=963"}],"wp:term":[{"taxonomy":"category","embeddable":true,"href":"https:\/\/yeziden-ostfriesland.de\/index.php?rest_route=%2Fwp%2Fv2%2Fcategories&post=963"},{"taxonomy":"post_tag","embeddable":true,"href":"https:\/\/yeziden-ostfriesland.de\/index.php?rest_route=%2Fwp%2Fv2%2Ftags&post=963"}],"curies":[{"name":"wp","href":"https:\/\/api.w.org\/{rel}","templated":true}]}}