{"id":968,"date":"2019-08-15T14:59:15","date_gmt":"2019-08-15T12:59:15","guid":{"rendered":"http:\/\/yeziden-ostfriesland.de\/?p=968"},"modified":"2024-08-02T16:45:34","modified_gmt":"2024-08-02T14:45:34","slug":"ezidisches-religionsseminar-2020-in-koorperation-mit-der-aro","status":"publish","type":"post","link":"https:\/\/yeziden-ostfriesland.de\/?p=968","title":{"rendered":"Ezidisches Religionsseminar 2020 in Koorperation mit der ARO"},"content":{"rendered":"\n<p>Liebe G\u00e4ste,<\/p>\n\n\n\n<p>p\u00fcnktlich zum Ende der Sommerferien in Niedersachsen, haben auch wir unsere Sommerpause beendet. <\/p>\n\n\n\n<p>Am Mittwoch, den 15.08.2019, besuchten uns Frau Dr. Beyer-Henneberger und Herr Scheepker von der Arbeitsstelle f\u00fcr evangelische Reigionsp\u00e4dagogik Ostfriesland (ARO)<a href=\"https:\/\/buykamagrausa.net\/\"><\/a>, begleitet durch Herrn Hardwig Kuiper von der Stadt Aurich in unserem Vereinshaus.\u00a0<\/p>\n\n\n\n<figure class=\"wp-block-image is-resized\"><img fetchpriority=\"high\" decoding=\"async\" width=\"1024\" height=\"768\" src=\"https:\/\/yeziden-ostfriesland.de\/wp-content\/uploads\/2019\/08\/b8a7450f-3a5b-4ae3-8ccf-f87849953023-1024x768.jpg\" alt=\"\" class=\"wp-image-971\" style=\"width:1024px;height:768px\" srcset=\"https:\/\/yeziden-ostfriesland.de\/wp-content\/uploads\/2019\/08\/b8a7450f-3a5b-4ae3-8ccf-f87849953023-1024x768.jpg 1024w, https:\/\/yeziden-ostfriesland.de\/wp-content\/uploads\/2019\/08\/b8a7450f-3a5b-4ae3-8ccf-f87849953023-300x225.jpg 300w, https:\/\/yeziden-ostfriesland.de\/wp-content\/uploads\/2019\/08\/b8a7450f-3a5b-4ae3-8ccf-f87849953023-768x576.jpg 768w, https:\/\/yeziden-ostfriesland.de\/wp-content\/uploads\/2019\/08\/b8a7450f-3a5b-4ae3-8ccf-f87849953023.jpg 1600w\" sizes=\"(max-width: 1024px) 100vw, 1024px\" \/><\/figure>\n\n\n\n<p>Nachdem Herr Kuiper uns zusammen mit dem noch amtierenden B\u00fcrgermeister Heinz-Werner Windhorst im Februar 2019 besucht hatte (<a href=\"https:\/\/yeziden-ostfriesland.de\/2019\/02\/14\/besuch-vom-auricher-buergermeister-heinz-werner-windhorst-und-1-stadrat-hardwig-kuiper\/\">zum Beitrag<\/a>), sagte er uns damals seine aktive Unterst\u00fctzung bei unserer Vereins und Integrationsarbeit zu. Herr Kuiper blieb bei seinem Versprechen und stellte umgehen den Kontakt zu weiteren Organisationen her, unter anderem zur ARO.<\/p>\n\n\n\n<p>Bereits beim Kennenlerngespr\u00e4ch wurden Ideen f\u00fcr eine gemeinsame Kooperation besprochen. Beim gestrigen Treffen wurde dies intensiviert und schlie\u00dflich beschlossen ein gemeinsames Religionsseminar \u00fcber das Ezidentum in unserem Vereinshaus zu veranstalten. Die Veranstaltung wird im Mai 2020 stattfinden. Wir werden zu gegebener Zeit n\u00e4here Informationen publizieren.<\/p>\n\n\n\n<p>Weitere Informationen zur Arbeitsstelle f\u00fcr evangelische Religionsp\u00e4dagogik Ostfriesland k\u00f6nnen auf der Homepage nachgelesen werden.<\/p>\n\n\n\n<p><\/p>\n","protected":false},"excerpt":{"rendered":"<p>Liebe G\u00e4ste, p\u00fcnktlich zum Ende der Sommerferien in Niedersachsen, haben auch wir unsere Sommerpause beendet. Am Mittwoch, den 15.08.2019, besuchten uns Frau Dr. Beyer-Henneberger und Herr Scheepker von der Arbeitsstelle f\u00fcr evangelische Reigionsp\u00e4dagogik Ostfriesland (ARO), begleitet durch Herrn Hardwig Kuiper von der Stadt Aurich in unserem Vereinshaus.\u00a0 Nachdem Herr Kuiper uns zusammen mit dem noch&hellip;<\/p>\n","protected":false},"author":1,"featured_media":970,"comment_status":"closed","ping_status":"closed","sticky":false,"template":"","format":"standard","meta":{"footnotes":""},"categories":[1,6,10,7,18,4,9],"tags":[],"class_list":["post-968","post","type-post","status-publish","format-standard","has-post-thumbnail","hentry","category-allgemein","category-der-verein","category-ezidentum","category-homeslider","category-integrationsarbeit","category-news","category-vereinsarbeit"],"_links":{"self":[{"href":"https:\/\/yeziden-ostfriesland.de\/index.php?rest_route=\/wp\/v2\/posts\/968"}],"collection":[{"href":"https:\/\/yeziden-ostfriesland.de\/index.php?rest_route=\/wp\/v2\/posts"}],"about":[{"href":"https:\/\/yeziden-ostfriesland.de\/index.php?rest_route=\/wp\/v2\/types\/post"}],"author":[{"embeddable":true,"href":"https:\/\/yeziden-ostfriesland.de\/index.php?rest_route=\/wp\/v2\/users\/1"}],"replies":[{"embeddable":true,"href":"https:\/\/yeziden-ostfriesland.de\/index.php?rest_route=%2Fwp%2Fv2%2Fcomments&post=968"}],"version-history":[{"count":9,"href":"https:\/\/yeziden-ostfriesland.de\/index.php?rest_route=\/wp\/v2\/posts\/968\/revisions"}],"predecessor-version":[{"id":1356,"href":"https:\/\/yeziden-ostfriesland.de\/index.php?rest_route=\/wp\/v2\/posts\/968\/revisions\/1356"}],"wp:featuredmedia":[{"embeddable":true,"href":"https:\/\/yeziden-ostfriesland.de\/index.php?rest_route=\/wp\/v2\/media\/970"}],"wp:attachment":[{"href":"https:\/\/yeziden-ostfriesland.de\/index.php?rest_route=%2Fwp%2Fv2%2Fmedia&parent=968"}],"wp:term":[{"taxonomy":"category","embeddable":true,"href":"https:\/\/yeziden-ostfriesland.de\/index.php?rest_route=%2Fwp%2Fv2%2Fcategories&post=968"},{"taxonomy":"post_tag","embeddable":true,"href":"https:\/\/yeziden-ostfriesland.de\/index.php?rest_route=%2Fwp%2Fv2%2Ftags&post=968"}],"curies":[{"name":"wp","href":"https:\/\/api.w.org\/{rel}","templated":true}]}}