{"id":980,"date":"2019-10-25T12:29:54","date_gmt":"2019-10-25T10:29:54","guid":{"rendered":"http:\/\/yeziden-ostfriesland.de\/?p=980"},"modified":"2024-08-02T16:41:23","modified_gmt":"2024-08-02T14:41:23","slug":"filmvorfuehrung-nur-eine-frau","status":"publish","type":"post","link":"https:\/\/yeziden-ostfriesland.de\/?p=980","title":{"rendered":"Filmvorf\u00fchrung: Nur eine Frau"},"content":{"rendered":"\n<div class=\"wp-block-columns has-2-columns is-layout-flex wp-container-core-columns-is-layout-1 wp-block-columns-is-layout-flex\">\n<div class=\"wp-block-column is-layout-flow wp-block-column-is-layout-flow\">\n<p>Am Mittwoch, den 23.10.2019 wurde imitiert und eingeladen durch den SPD Kreis Leer und Frau Katharina Nuske, im leeraner Kino der Film \u201cNur eine Frau\u201d vorgef\u00fchrt. <\/p>\n\n\n\n<figure class=\"wp-block-image\"><img fetchpriority=\"high\" decoding=\"async\" width=\"576\" height=\"1024\" src=\"https:\/\/yeziden-ostfriesland.de\/wp-content\/uploads\/2019\/10\/42bc6eda-fb3a-438c-b5df-8da04a8a23bd-576x1024.jpg\" alt=\"\" class=\"wp-image-983\" srcset=\"https:\/\/yeziden-ostfriesland.de\/wp-content\/uploads\/2019\/10\/42bc6eda-fb3a-438c-b5df-8da04a8a23bd-576x1024.jpg 576w, https:\/\/yeziden-ostfriesland.de\/wp-content\/uploads\/2019\/10\/42bc6eda-fb3a-438c-b5df-8da04a8a23bd-169x300.jpg 169w, https:\/\/yeziden-ostfriesland.de\/wp-content\/uploads\/2019\/10\/42bc6eda-fb3a-438c-b5df-8da04a8a23bd.jpg 720w\" sizes=\"(max-width: 576px) 100vw, 576px\" \/><\/figure>\n<\/div>\n\n\n\n<div class=\"wp-block-column is-layout-flow wp-block-column-is-layout-flow\">\n<p><\/p>\n\n\n\n<p>Unser Damen nahmen an der Vof\u00fchrung, sowie der anschlie\u00dfenden Gespr\u00e4chsrunde teil. Wir bedanken uns nochmals f\u00fcr die Einladung und insbesondere bei Frau Anna Kuhn, Integrationsbeauftragte beim Landkreis Leer <\/p>\n\n\n\n<p><\/p>\n\n\n\n<figure class=\"wp-block-gallery alignleft has-nested-images columns-2 wp-block-gallery-1 is-layout-flex wp-block-gallery-is-layout-flex\">\n<figure class=\"wp-block-image\"><a href=\"https:\/\/yeziden-ostfriesland.de\/wp-content\/uploads\/2019\/10\/1ef9a549-79bf-46fc-932f-a80831e17971.jpg\"><img decoding=\"async\" width=\"1024\" height=\"498\" src=\"https:\/\/yeziden-ostfriesland.de\/wp-content\/uploads\/2019\/10\/1ef9a549-79bf-46fc-932f-a80831e17971-1024x498.jpg\" alt=\"\" class=\"wp-image-982\" srcset=\"https:\/\/yeziden-ostfriesland.de\/wp-content\/uploads\/2019\/10\/1ef9a549-79bf-46fc-932f-a80831e17971-1024x498.jpg 1024w, https:\/\/yeziden-ostfriesland.de\/wp-content\/uploads\/2019\/10\/1ef9a549-79bf-46fc-932f-a80831e17971-300x146.jpg 300w, https:\/\/yeziden-ostfriesland.de\/wp-content\/uploads\/2019\/10\/1ef9a549-79bf-46fc-932f-a80831e17971-768x373.jpg 768w, https:\/\/yeziden-ostfriesland.de\/wp-content\/uploads\/2019\/10\/1ef9a549-79bf-46fc-932f-a80831e17971.jpg 1599w\" sizes=\"(max-width: 1024px) 100vw, 1024px\" \/><\/a><\/figure>\n\n\n\n<figure class=\"wp-block-image\"><a href=\"https:\/\/yeziden-ostfriesland.de\/wp-content\/uploads\/2019\/10\/6630f459-cb1b-413e-adee-a3316df6ca65-1.jpg\"><img decoding=\"async\" width=\"1024\" height=\"498\" src=\"https:\/\/yeziden-ostfriesland.de\/wp-content\/uploads\/2019\/10\/6630f459-cb1b-413e-adee-a3316df6ca65-1-1024x498.jpg\" alt=\"\" class=\"wp-image-984\" srcset=\"https:\/\/yeziden-ostfriesland.de\/wp-content\/uploads\/2019\/10\/6630f459-cb1b-413e-adee-a3316df6ca65-1-1024x498.jpg 1024w, https:\/\/yeziden-ostfriesland.de\/wp-content\/uploads\/2019\/10\/6630f459-cb1b-413e-adee-a3316df6ca65-1-300x146.jpg 300w, https:\/\/yeziden-ostfriesland.de\/wp-content\/uploads\/2019\/10\/6630f459-cb1b-413e-adee-a3316df6ca65-1-768x373.jpg 768w, https:\/\/yeziden-ostfriesland.de\/wp-content\/uploads\/2019\/10\/6630f459-cb1b-413e-adee-a3316df6ca65-1.jpg 1599w\" sizes=\"(max-width: 1024px) 100vw, 1024px\" \/><\/a><\/figure>\n\n\n\n<figure class=\"wp-block-image\"><a href=\"https:\/\/yeziden-ostfriesland.de\/wp-content\/uploads\/2019\/10\/ecdc4c21-9e84-462f-8cd8-7010d9ba72c3.jpg\"><img loading=\"lazy\" decoding=\"async\" width=\"1024\" height=\"498\" src=\"https:\/\/yeziden-ostfriesland.de\/wp-content\/uploads\/2019\/10\/ecdc4c21-9e84-462f-8cd8-7010d9ba72c3-1024x498.jpg\" alt=\"\" class=\"wp-image-986\" srcset=\"https:\/\/yeziden-ostfriesland.de\/wp-content\/uploads\/2019\/10\/ecdc4c21-9e84-462f-8cd8-7010d9ba72c3-1024x498.jpg 1024w, https:\/\/yeziden-ostfriesland.de\/wp-content\/uploads\/2019\/10\/ecdc4c21-9e84-462f-8cd8-7010d9ba72c3-300x146.jpg 300w, https:\/\/yeziden-ostfriesland.de\/wp-content\/uploads\/2019\/10\/ecdc4c21-9e84-462f-8cd8-7010d9ba72c3-768x373.jpg 768w, https:\/\/yeziden-ostfriesland.de\/wp-content\/uploads\/2019\/10\/ecdc4c21-9e84-462f-8cd8-7010d9ba72c3.jpg 1599w\" sizes=\"(max-width: 1024px) 100vw, 1024px\" \/><\/a><\/figure>\n\n\n\n<figure class=\"wp-block-image\"><a href=\"https:\/\/yeziden-ostfriesland.de\/wp-content\/uploads\/2019\/10\/f568f7ab-01cb-48ff-b37a-1a9312ef6683.jpg\"><img loading=\"lazy\" decoding=\"async\" width=\"1024\" height=\"498\" src=\"https:\/\/yeziden-ostfriesland.de\/wp-content\/uploads\/2019\/10\/f568f7ab-01cb-48ff-b37a-1a9312ef6683-1024x498.jpg\" alt=\"\" class=\"wp-image-987\" srcset=\"https:\/\/yeziden-ostfriesland.de\/wp-content\/uploads\/2019\/10\/f568f7ab-01cb-48ff-b37a-1a9312ef6683-1024x498.jpg 1024w, https:\/\/yeziden-ostfriesland.de\/wp-content\/uploads\/2019\/10\/f568f7ab-01cb-48ff-b37a-1a9312ef6683-300x146.jpg 300w, https:\/\/yeziden-ostfriesland.de\/wp-content\/uploads\/2019\/10\/f568f7ab-01cb-48ff-b37a-1a9312ef6683-768x373.jpg 768w, https:\/\/yeziden-ostfriesland.de\/wp-content\/uploads\/2019\/10\/f568f7ab-01cb-48ff-b37a-1a9312ef6683.jpg 1599w\" sizes=\"(max-width: 1024px) 100vw, 1024px\" \/><\/a><\/figure>\n\n\n\n<figure class=\"wp-block-image\"><a href=\"https:\/\/yeziden-ostfriesland.de\/wp-content\/uploads\/2019\/10\/c81f3a2b-f03a-4b38-8bad-9967304fd951.jpg\"><img loading=\"lazy\" decoding=\"async\" width=\"576\" height=\"1024\" src=\"https:\/\/yeziden-ostfriesland.de\/wp-content\/uploads\/2019\/10\/c81f3a2b-f03a-4b38-8bad-9967304fd951-576x1024.jpg\" alt=\"\" class=\"wp-image-985\" srcset=\"https:\/\/yeziden-ostfriesland.de\/wp-content\/uploads\/2019\/10\/c81f3a2b-f03a-4b38-8bad-9967304fd951-576x1024.jpg 576w, https:\/\/yeziden-ostfriesland.de\/wp-content\/uploads\/2019\/10\/c81f3a2b-f03a-4b38-8bad-9967304fd951-169x300.jpg 169w, https:\/\/yeziden-ostfriesland.de\/wp-content\/uploads\/2019\/10\/c81f3a2b-f03a-4b38-8bad-9967304fd951.jpg 747w\" sizes=\"(max-width: 576px) 100vw, 576px\" \/><\/a><\/figure>\n<\/figure>\n<\/div>\n<\/div>\n","protected":false},"excerpt":{"rendered":"<p>Am Mittwoch, den 23.10.2019 wurde imitiert und eingeladen durch den SPD Kreis Leer und Frau Katharina Nuske, im leeraner Kino der Film \u201cNur eine Frau\u201d vorgef\u00fchrt. Unser Damen nahmen an der Vof\u00fchrung, sowie der anschlie\u00dfenden Gespr\u00e4chsrunde teil. Wir bedanken uns nochmals f\u00fcr die Einladung und insbesondere bei Frau Anna Kuhn, Integrationsbeauftragte beim Landkreis Leer<\/p>\n","protected":false},"author":1,"featured_media":981,"comment_status":"closed","ping_status":"closed","sticky":false,"template":"","format":"standard","meta":{"footnotes":""},"categories":[1,6,17,7,9],"tags":[],"class_list":["post-980","post","type-post","status-publish","format-standard","has-post-thumbnail","hentry","category-allgemein","category-der-verein","category-frauenkomitee","category-homeslider","category-vereinsarbeit"],"_links":{"self":[{"href":"https:\/\/yeziden-ostfriesland.de\/index.php?rest_route=\/wp\/v2\/posts\/980"}],"collection":[{"href":"https:\/\/yeziden-ostfriesland.de\/index.php?rest_route=\/wp\/v2\/posts"}],"about":[{"href":"https:\/\/yeziden-ostfriesland.de\/index.php?rest_route=\/wp\/v2\/types\/post"}],"author":[{"embeddable":true,"href":"https:\/\/yeziden-ostfriesland.de\/index.php?rest_route=\/wp\/v2\/users\/1"}],"replies":[{"embeddable":true,"href":"https:\/\/yeziden-ostfriesland.de\/index.php?rest_route=%2Fwp%2Fv2%2Fcomments&post=980"}],"version-history":[{"count":24,"href":"https:\/\/yeziden-ostfriesland.de\/index.php?rest_route=\/wp\/v2\/posts\/980\/revisions"}],"predecessor-version":[{"id":1354,"href":"https:\/\/yeziden-ostfriesland.de\/index.php?rest_route=\/wp\/v2\/posts\/980\/revisions\/1354"}],"wp:featuredmedia":[{"embeddable":true,"href":"https:\/\/yeziden-ostfriesland.de\/index.php?rest_route=\/wp\/v2\/media\/981"}],"wp:attachment":[{"href":"https:\/\/yeziden-ostfriesland.de\/index.php?rest_route=%2Fwp%2Fv2%2Fmedia&parent=980"}],"wp:term":[{"taxonomy":"category","embeddable":true,"href":"https:\/\/yeziden-ostfriesland.de\/index.php?rest_route=%2Fwp%2Fv2%2Fcategories&post=980"},{"taxonomy":"post_tag","embeddable":true,"href":"https:\/\/yeziden-ostfriesland.de\/index.php?rest_route=%2Fwp%2Fv2%2Ftags&post=980"}],"curies":[{"name":"wp","href":"https:\/\/api.w.org\/{rel}","templated":true}]}}